{"id":1505,"date":"2026-08-29T18:54:22","date_gmt":"2026-08-29T21:54:22","guid":{"rendered":"https:\/\/9dejuliodigital.uno\/?p=1505"},"modified":"2026-08-29T21:21:00","modified_gmt":"2026-08-30T00:21:00","slug":"la-comunidad-mbya-guarani-de-tamandua-celebro-el-dia-del-nino-con-juegos-y-actividades-recreativas","status":"publish","type":"post","link":"https:\/\/9dejuliodigital.uno\/index.php\/2026\/08\/29\/la-comunidad-mbya-guarani-de-tamandua-celebro-el-dia-del-nino-con-juegos-y-actividades-recreativas\/","title":{"rendered":"La comunidad Mbya Guaran\u00ed de Tamandu\u00e1 celebr\u00f3 el D\u00eda del Ni\u00f1o con juegos y actividades recreativas"},"content":{"rendered":"<p class=\"PDq2pG_selectionAnchorContainer\" data-start=\"104\" data-end=\"366\"><strong data-start=\"104\" data-end=\"130\">AGENCIA MISIONES.UNO |<\/strong> La comunidad <strong data-start=\"144\" data-end=\"172\">Mbya Guaran\u00ed de Tamandu\u00e1<\/strong>, en <strong data-start=\"177\" data-end=\"191\">25 de Mayo<\/strong>, fue escenario de una jornada de festejos por el <strong data-start=\"241\" data-end=\"257\">D\u00eda del Ni\u00f1o<\/strong>, con propuestas recreativas, juegos y actividades art\u00edsticas destinadas a ni\u00f1os y ni\u00f1as de distintas edades.<\/p>\n<p data-start=\"368\" data-end=\"710\">El encuentro se desarroll\u00f3 en el espacio comunitario, donde los m\u00e1s peque\u00f1os participaron de una variada grilla de actividades al aire libre. La propuesta incluy\u00f3 <strong data-start=\"531\" data-end=\"622\">juegos cooperativos, inflables, din\u00e1micas recreativas y talleres de expresi\u00f3n art\u00edstica<\/strong>, adem\u00e1s de actividades orientadas a la participaci\u00f3n y al encuentro entre las familias.<\/p>\n<p data-start=\"712\" data-end=\"901\">La jornada cont\u00f3 con la presencia de <strong data-start=\"749\" data-end=\"817\">familias, referentes comunitarios, personal municipal y docentes<\/strong>, quienes acompa\u00f1aron las distintas propuestas desarrolladas durante la celebraci\u00f3n.<\/p>\n<p data-start=\"903\" data-end=\"1244\">Entre las actividades se busc\u00f3 combinar espacios de recreaci\u00f3n con propuestas que permitieran fortalecer los v\u00ednculos comunitarios y la participaci\u00f3n de los ni\u00f1os y ni\u00f1as. El festejo tuvo como eje el acceso al <strong data-start=\"1113\" data-end=\"1138\">juego y la recreaci\u00f3n<\/strong>, en el marco de los derechos vinculados a la infancia y de la integraci\u00f3n de las comunidades originarias.<\/p>\n<p data-start=\"1246\" data-end=\"1474\">La celebraci\u00f3n en <strong data-start=\"1264\" data-end=\"1276\">Tamandu\u00e1<\/strong> permiti\u00f3 que los integrantes de la comunidad compartieran una jornada de juegos y actividades en un espacio com\u00fan, con propuestas pensadas para distintas edades y con participaci\u00f3n de las familias.<\/p>\n<p data-start=\"1476\" data-end=\"1666\" data-is-last-node=\"\" data-is-only-node=\"\">El encuentro se desarroll\u00f3 en un marco de <strong data-start=\"1518\" data-end=\"1557\">integraci\u00f3n y respeto sociocultural<\/strong>, con actividades recreativas y art\u00edsticas que tuvieron a los ni\u00f1os y ni\u00f1as como protagonistas de la jornada.<\/p>\n<p data-start=\"1476\" data-end=\"1666\" data-is-last-node=\"\" data-is-only-node=\"\"><img loading=\"lazy\" decoding=\"async\" class=\"aligncenter size-full wp-image-46075\" src=\"https:\/\/9dejuliodigital.uno\/wp-content\/uploads\/2026\/08\/miscom-graphic-gen-interior-featured-image-4-39223-1788040613.jpg\" alt=\"\" width=\"640\" height=\"853\" \/> <img loading=\"lazy\" decoding=\"async\" class=\"aligncenter size-full wp-image-46076\" src=\"https:\/\/9dejuliodigital.uno\/wp-content\/uploads\/2026\/08\/miscom-graphic-gen-interior-featured-image-5-39223-1788040614.jpg\" alt=\"\" width=\"640\" height=\"853\" \/> <img loading=\"lazy\" decoding=\"async\" class=\"aligncenter size-full wp-image-46074\" src=\"https:\/\/9dejuliodigital.uno\/wp-content\/uploads\/2026\/08\/miscom-graphic-gen-interior-featured-image-3-39223-1788040613.jpg\" alt=\"\" width=\"640\" height=\"853\" \/> <img decoding=\"async\" loading=\"lazy\" class=\"aligncenter size-full wp-image-46073\" src=\"https:\/\/9dejuliodigital.uno\/wp-content\/uploads\/2026\/08\/miscom-graphic-gen-interior-featured-image-2-39223-1788040612.jpg\" alt=\"\" width=\"640\" height=\"853\" \/><\/p>\n","protected":false},"excerpt":{"rendered":"<p>AGENCIA MISIONES.UNO &#124; La comunidad Mbya Guaran\u00ed de Tamandu\u00e1, en 25 de Mayo, fue escenario de una jornada de festejos por el D\u00eda del Ni\u00f1o, con propuestas recreativas, juegos y actividades art\u00edsticas destinadas a ni\u00f1os y ni\u00f1as de distintas edades. El encuentro se desarroll\u00f3 en\u2026<\/p>\n","protected":false},"author":1,"featured_media":1513,"comment_status":"closed","ping_status":"closed","sticky":false,"template":"","format":"standard","meta":{"_acf_changed":false,"footnotes":""},"categories":[1],"tags":[],"clasificacion":[181],"distribucion":[193,198,194],"localidad":[192],"redes-sociales":[196,197],"tematica":[206],"class_list":["post-1505","post","type-post","status-publish","format-standard","has-post-thumbnail","hentry","category-uncategorized","clasificacion-clase-d","distribucion-nodo-local-de-la-red-m1","distribucion-nodo-provincial-de-la-red-m1","distribucion-nodo-tematico-de-la-red-m1","localidad-9-de-julio","redes-sociales-se-publica-en-las-redes-del-nodo-local","redes-sociales-se-publica-en-las-redes-del-nodo-tematico","tematica-gobierno-y-gestion"],"acf":[],"distributor_meta":false,"distributor_terms":false,"distributor_media":false,"distributor_original_site_name":"9 de Julio Digital .UNO - Red Misiones.uno","distributor_original_site_url":"https:\/\/9dejuliodigital.uno","push-errors":false,"_links":{"self":[{"href":"https:\/\/9dejuliodigital.uno\/index.php\/wp-json\/wp\/v2\/posts\/1505","targetHints":{"allow":["GET"]}}],"collection":[{"href":"https:\/\/9dejuliodigital.uno\/index.php\/wp-json\/wp\/v2\/posts"}],"about":[{"href":"https:\/\/9dejuliodigital.uno\/index.php\/wp-json\/wp\/v2\/types\/post"}],"author":[{"embeddable":true,"href":"https:\/\/9dejuliodigital.uno\/index.php\/wp-json\/wp\/v2\/users\/1"}],"replies":[{"embeddable":true,"href":"https:\/\/9dejuliodigital.uno\/index.php\/wp-json\/wp\/v2\/comments?post=1505"}],"version-history":[{"count":1,"href":"https:\/\/9dejuliodigital.uno\/index.php\/wp-json\/wp\/v2\/posts\/1505\/revisions"}],"predecessor-version":[{"id":1510,"href":"https:\/\/9dejuliodigital.uno\/index.php\/wp-json\/wp\/v2\/posts\/1505\/revisions\/1510"}],"wp:featuredmedia":[{"embeddable":true,"href":"https:\/\/9dejuliodigital.uno\/index.php\/wp-json\/wp\/v2\/media\/1513"}],"wp:attachment":[{"href":"https:\/\/9dejuliodigital.uno\/index.php\/wp-json\/wp\/v2\/media?parent=1505"}],"wp:term":[{"taxonomy":"category","embeddable":true,"href":"https:\/\/9dejuliodigital.uno\/index.php\/wp-json\/wp\/v2\/categories?post=1505"},{"taxonomy":"post_tag","embeddable":true,"href":"https:\/\/9dejuliodigital.uno\/index.php\/wp-json\/wp\/v2\/tags?post=1505"},{"taxonomy":"clasificacion","embeddable":true,"href":"https:\/\/9dejuliodigital.uno\/index.php\/wp-json\/wp\/v2\/clasificacion?post=1505"},{"taxonomy":"distribucion","embeddable":true,"href":"https:\/\/9dejuliodigital.uno\/index.php\/wp-json\/wp\/v2\/distribucion?post=1505"},{"taxonomy":"localidad","embeddable":true,"href":"https:\/\/9dejuliodigital.uno\/index.php\/wp-json\/wp\/v2\/localidad?post=1505"},{"taxonomy":"redes-sociales","embeddable":true,"href":"https:\/\/9dejuliodigital.uno\/index.php\/wp-json\/wp\/v2\/redes-sociales?post=1505"},{"taxonomy":"tematica","embeddable":true,"href":"https:\/\/9dejuliodigital.uno\/index.php\/wp-json\/wp\/v2\/tematica?post=1505"}],"curies":[{"name":"wp","href":"https:\/\/api.w.org\/{rel}","templated":true}]}}