{"id":772,"date":"2026-02-02T12:51:41","date_gmt":"2026-02-02T15:51:41","guid":{"rendered":"https:\/\/9dejuliodigital.uno\/index.php\/2026\/02\/02\/una-pelea-en-el-barrio-20-de-junio-termino-con-un-hombre-hospitalizado-y-un-detenido\/"},"modified":"2026-02-02T12:51:41","modified_gmt":"2026-02-02T15:51:41","slug":"una-pelea-en-el-barrio-20-de-junio-termino-con-un-hombre-hospitalizado-y-un-detenido","status":"publish","type":"post","link":"https:\/\/9dejuliodigital.uno\/index.php\/2026\/02\/02\/una-pelea-en-el-barrio-20-de-junio-termino-con-un-hombre-hospitalizado-y-un-detenido\/","title":{"rendered":"Una pelea en el barrio 20 de Junio termin\u00f3 con un hombre hospitalizado y un detenido"},"content":{"rendered":"<div>\n<p><!--StartFragment --><\/p>\n<p><strong>MISIONES.UNO \u2013 En Comandante Andresito, un violento episodio ocurrido durante la madrugada dej\u00f3 como saldo a un hombre con lesiones graves y a otro sujeto detenido por su presunta participaci\u00f3n en el hecho.<\/strong><\/p>\n<hr>\n<p><img decoding=\"async\" class=\"aligncenter size-full wp-image-12344\" src=\"https:\/\/9dejuliodigital.uno\/wp-content\/uploads\/2026\/02\/ASTER-FOTOS-POLI-ELDO.jpg\" alt=\"\" width=\"640\" height=\"853\" srcset=\"https:\/\/misiones.uno\/wp-content\/uploads\/2026\/02\/ASTER-FOTOS-POLI-ELDO-200x267.jpg 200w, https:\/\/misiones.uno\/wp-content\/uploads\/2026\/02\/ASTER-FOTOS-POLI-ELDO-225x300.jpg 225w, https:\/\/misiones.uno\/wp-content\/uploads\/2026\/02\/ASTER-FOTOS-POLI-ELDO-400x533.jpg 400w, https:\/\/misiones.uno\/wp-content\/uploads\/2026\/02\/ASTER-FOTOS-POLI-ELDO-600x800.jpg 600w, https:\/\/misiones.uno\/wp-content\/uploads\/2026\/02\/ASTER-FOTOS-POLI-ELDO.jpg 640w\" sizes=\"(max-width: 640px) 100vw, 640px\"><\/p>\n<p>El incidente se registr\u00f3 alrededor de las 04:30 horas en el barrio 20 de Junio, donde dos hombres que compart\u00edan bebidas alcoh\u00f3licas iniciaron una pelea. En ese contexto, la v\u00edctima, identificada como Hugo S. C., de 43 a\u00f1os, denunci\u00f3 haber sido atacada con un machete, lo que le provoc\u00f3 una herida en la zona abdominal.<\/p>\n<p>Tras el ataque, el hombre fue trasladado de urgencia al hospital local y posteriormente derivado al Hospital SAMIC de Eldorado para estudios de mayor complejidad. El m\u00e9dico policial en turno diagnostic\u00f3 lesiones de car\u00e1cter grave, con un tiempo estimado de recuperaci\u00f3n e incapacidad laboral de 40 d\u00edas.<\/p>\n<p>En el lugar del hecho, los efectivos policiales secuestraron el arma utilizada. El presunto agresor, identificado como Pedro B., de 64 a\u00f1os, fue detenido en la v\u00eda p\u00fablica luego de ser interceptado por la polic\u00eda y trasladado a la dependencia correspondiente.<\/p>\n<p>El hombre qued\u00f3 a disposici\u00f3n de la Justicia, mientras que la investigaci\u00f3n contin\u00faa para esclarecer las circunstancias del hecho y determinar responsabilidades.<\/p>\n<p><img decoding=\"async\" class=\"aligncenter size-full wp-image-12345\" src=\"https:\/\/9dejuliodigital.uno\/wp-content\/uploads\/2026\/02\/MASTER-FOTOS-ELDOA.jpg\" alt=\"\" width=\"640\" height=\"853\" srcset=\"https:\/\/misiones.uno\/wp-content\/uploads\/2026\/02\/MASTER-FOTOS-ELDOA-200x267.jpg 200w, https:\/\/misiones.uno\/wp-content\/uploads\/2026\/02\/MASTER-FOTOS-ELDOA-225x300.jpg 225w, https:\/\/misiones.uno\/wp-content\/uploads\/2026\/02\/MASTER-FOTOS-ELDOA-400x533.jpg 400w, https:\/\/misiones.uno\/wp-content\/uploads\/2026\/02\/MASTER-FOTOS-ELDOA-600x800.jpg 600w, https:\/\/misiones.uno\/wp-content\/uploads\/2026\/02\/MASTER-FOTOS-ELDOA.jpg 640w\" sizes=\"(max-width: 640px) 100vw, 640px\"><\/p>\n<p><!--EndFragment --><\/p>\n<\/div>\n","protected":false},"excerpt":{"rendered":"<p>MISIONES.UNO \u2013 En Comandante Andresito, un violento episodio ocurrido durante  [&#8230;]<\/p>\n","protected":false},"author":1,"featured_media":773,"comment_status":"closed","ping_status":"closed","sticky":false,"template":"","format":"standard","meta":{"fifu_image_url":"","fifu_image_alt":"","footnotes":""},"categories":[56,5,15,51],"tags":[],"class_list":["post-772","post","type-post","status-publish","format-standard","has-post-thumbnail","hentry","category-andresito","category-misiones-uno","category-policiales","category-unidad-regional-v"],"acf":[],"yoast_head":"<!-- This site is optimized with the Yoast SEO plugin v26.7 - https:\/\/yoast.com\/wordpress\/plugins\/seo\/ -->\n<title>Una pelea en el barrio 20 de Junio termin\u00f3 con un hombre hospitalizado y un detenido - 9 de Julio Digital .UNO - Red Misiones.uno<\/title>\n<meta name=\"robots\" content=\"index, follow, max-snippet:-1, max-image-preview:large, max-video-preview:-1\" \/>\n<link rel=\"canonical\" href=\"https:\/\/9dejuliodigital.uno\/index.php\/2026\/02\/02\/una-pelea-en-el-barrio-20-de-junio-termino-con-un-hombre-hospitalizado-y-un-detenido\/\" \/>\n<meta property=\"og:locale\" content=\"es_ES\" \/>\n<meta property=\"og:type\" content=\"article\" \/>\n<meta property=\"og:title\" content=\"Una pelea en el barrio 20 de Junio termin\u00f3 con un hombre hospitalizado y un detenido - 9 de Julio Digital .UNO - Red Misiones.uno\" \/>\n<meta property=\"og:description\" content=\"MISIONES.UNO \u2013 En Comandante Andresito, un violento episodio ocurrido durante [...]\" \/>\n<meta property=\"og:url\" content=\"https:\/\/9dejuliodigital.uno\/index.php\/2026\/02\/02\/una-pelea-en-el-barrio-20-de-junio-termino-con-un-hombre-hospitalizado-y-un-detenido\/\" \/>\n<meta property=\"og:site_name\" content=\"9 de Julio Digital .UNO - Red Misiones.uno\" \/>\n<meta property=\"article:published_time\" content=\"2026-02-02T15:51:41+00:00\" \/>\n<meta name=\"author\" content=\"admin\" \/>\n<meta name=\"twitter:card\" content=\"summary_large_image\" \/>\n<meta name=\"twitter:label1\" content=\"Escrito por\" \/>\n\t<meta name=\"twitter:data1\" content=\"admin\" \/>\n\t<meta name=\"twitter:label2\" content=\"Tiempo de lectura\" \/>\n\t<meta name=\"twitter:data2\" content=\"1 minuto\" \/>\n<script type=\"application\/ld+json\" class=\"yoast-schema-graph\">{\"@context\":\"https:\/\/schema.org\",\"@graph\":[{\"@type\":\"Article\",\"@id\":\"https:\/\/9dejuliodigital.uno\/index.php\/2026\/02\/02\/una-pelea-en-el-barrio-20-de-junio-termino-con-un-hombre-hospitalizado-y-un-detenido\/#article\",\"isPartOf\":{\"@id\":\"https:\/\/9dejuliodigital.uno\/index.php\/2026\/02\/02\/una-pelea-en-el-barrio-20-de-junio-termino-con-un-hombre-hospitalizado-y-un-detenido\/\"},\"author\":{\"name\":\"admin\",\"@id\":\"https:\/\/9dejuliodigital.uno\/#\/schema\/person\/c9428f3ffe63b65afd548191df2fa25c\"},\"headline\":\"Una pelea en el barrio 20 de Junio termin\u00f3 con un hombre hospitalizado y un detenido\",\"datePublished\":\"2026-02-02T15:51:41+00:00\",\"mainEntityOfPage\":{\"@id\":\"https:\/\/9dejuliodigital.uno\/index.php\/2026\/02\/02\/una-pelea-en-el-barrio-20-de-junio-termino-con-un-hombre-hospitalizado-y-un-detenido\/\"},\"wordCount\":224,\"image\":{\"@id\":\"https:\/\/9dejuliodigital.uno\/index.php\/2026\/02\/02\/una-pelea-en-el-barrio-20-de-junio-termino-con-un-hombre-hospitalizado-y-un-detenido\/#primaryimage\"},\"thumbnailUrl\":\"https:\/\/9dejuliodigital.uno\/wp-content\/uploads\/2026\/02\/ASTER-FOTOS-POLI-ELDO.jpg\",\"articleSection\":[\"Andresito\",\"MISIONES.UNO\",\"Policiales\",\"Unidad Regional V\"],\"inLanguage\":\"es-AR\"},{\"@type\":\"WebPage\",\"@id\":\"https:\/\/9dejuliodigital.uno\/index.php\/2026\/02\/02\/una-pelea-en-el-barrio-20-de-junio-termino-con-un-hombre-hospitalizado-y-un-detenido\/\",\"url\":\"https:\/\/9dejuliodigital.uno\/index.php\/2026\/02\/02\/una-pelea-en-el-barrio-20-de-junio-termino-con-un-hombre-hospitalizado-y-un-detenido\/\",\"name\":\"Una pelea en el barrio 20 de Junio termin\u00f3 con un hombre hospitalizado y un detenido - 9 de Julio Digital .UNO - Red Misiones.uno\",\"isPartOf\":{\"@id\":\"https:\/\/9dejuliodigital.uno\/#website\"},\"primaryImageOfPage\":{\"@id\":\"https:\/\/9dejuliodigital.uno\/index.php\/2026\/02\/02\/una-pelea-en-el-barrio-20-de-junio-termino-con-un-hombre-hospitalizado-y-un-detenido\/#primaryimage\"},\"image\":{\"@id\":\"https:\/\/9dejuliodigital.uno\/index.php\/2026\/02\/02\/una-pelea-en-el-barrio-20-de-junio-termino-con-un-hombre-hospitalizado-y-un-detenido\/#primaryimage\"},\"thumbnailUrl\":\"https:\/\/9dejuliodigital.uno\/wp-content\/uploads\/2026\/02\/ASTER-FOTOS-POLI-ELDO.jpg\",\"datePublished\":\"2026-02-02T15:51:41+00:00\",\"author\":{\"@id\":\"https:\/\/9dejuliodigital.uno\/#\/schema\/person\/c9428f3ffe63b65afd548191df2fa25c\"},\"breadcrumb\":{\"@id\":\"https:\/\/9dejuliodigital.uno\/index.php\/2026\/02\/02\/una-pelea-en-el-barrio-20-de-junio-termino-con-un-hombre-hospitalizado-y-un-detenido\/#breadcrumb\"},\"inLanguage\":\"es-AR\",\"potentialAction\":[{\"@type\":\"ReadAction\",\"target\":[\"https:\/\/9dejuliodigital.uno\/index.php\/2026\/02\/02\/una-pelea-en-el-barrio-20-de-junio-termino-con-un-hombre-hospitalizado-y-un-detenido\/\"]}]},{\"@type\":\"ImageObject\",\"inLanguage\":\"es-AR\",\"@id\":\"https:\/\/9dejuliodigital.uno\/index.php\/2026\/02\/02\/una-pelea-en-el-barrio-20-de-junio-termino-con-un-hombre-hospitalizado-y-un-detenido\/#primaryimage\",\"url\":\"https:\/\/9dejuliodigital.uno\/wp-content\/uploads\/2026\/02\/ASTER-FOTOS-POLI-ELDO.jpg\",\"contentUrl\":\"https:\/\/9dejuliodigital.uno\/wp-content\/uploads\/2026\/02\/ASTER-FOTOS-POLI-ELDO.jpg\",\"width\":640,\"height\":853},{\"@type\":\"BreadcrumbList\",\"@id\":\"https:\/\/9dejuliodigital.uno\/index.php\/2026\/02\/02\/una-pelea-en-el-barrio-20-de-junio-termino-con-un-hombre-hospitalizado-y-un-detenido\/#breadcrumb\",\"itemListElement\":[{\"@type\":\"ListItem\",\"position\":1,\"name\":\"Inicio\",\"item\":\"https:\/\/9dejuliodigital.uno\/\"},{\"@type\":\"ListItem\",\"position\":2,\"name\":\"Una pelea en el barrio 20 de Junio termin\u00f3 con un hombre hospitalizado y un detenido\"}]},{\"@type\":\"WebSite\",\"@id\":\"https:\/\/9dejuliodigital.uno\/#website\",\"url\":\"https:\/\/9dejuliodigital.uno\/\",\"name\":\"9 de Julio Digital .UNO - Red Misiones.uno\",\"description\":\"Noticias de 9 de Julio\",\"potentialAction\":[{\"@type\":\"SearchAction\",\"target\":{\"@type\":\"EntryPoint\",\"urlTemplate\":\"https:\/\/9dejuliodigital.uno\/?s={search_term_string}\"},\"query-input\":{\"@type\":\"PropertyValueSpecification\",\"valueRequired\":true,\"valueName\":\"search_term_string\"}}],\"inLanguage\":\"es-AR\"},{\"@type\":\"Person\",\"@id\":\"https:\/\/9dejuliodigital.uno\/#\/schema\/person\/c9428f3ffe63b65afd548191df2fa25c\",\"name\":\"admin\",\"image\":{\"@type\":\"ImageObject\",\"inLanguage\":\"es-AR\",\"@id\":\"https:\/\/9dejuliodigital.uno\/#\/schema\/person\/image\/\",\"url\":\"https:\/\/secure.gravatar.com\/avatar\/988cc68d97727f2265e15e4e04f35d45d93f5493d81192c37b6fcdf6407dba8c?s=96&d=mm&r=g\",\"contentUrl\":\"https:\/\/secure.gravatar.com\/avatar\/988cc68d97727f2265e15e4e04f35d45d93f5493d81192c37b6fcdf6407dba8c?s=96&d=mm&r=g\",\"caption\":\"admin\"},\"sameAs\":[\"http:\/\/9dejuliodigital.uno\"],\"url\":\"https:\/\/9dejuliodigital.uno\/index.php\/author\/admin\/\"}]}<\/script>\n<!-- \/ Yoast SEO plugin. -->","yoast_head_json":{"title":"Una pelea en el barrio 20 de Junio termin\u00f3 con un hombre hospitalizado y un detenido - 9 de Julio Digital .UNO - Red Misiones.uno","robots":{"index":"index","follow":"follow","max-snippet":"max-snippet:-1","max-image-preview":"max-image-preview:large","max-video-preview":"max-video-preview:-1"},"canonical":"https:\/\/9dejuliodigital.uno\/index.php\/2026\/02\/02\/una-pelea-en-el-barrio-20-de-junio-termino-con-un-hombre-hospitalizado-y-un-detenido\/","og_locale":"es_ES","og_type":"article","og_title":"Una pelea en el barrio 20 de Junio termin\u00f3 con un hombre hospitalizado y un detenido - 9 de Julio Digital .UNO - Red Misiones.uno","og_description":"MISIONES.UNO \u2013 En Comandante Andresito, un violento episodio ocurrido durante [...]","og_url":"https:\/\/9dejuliodigital.uno\/index.php\/2026\/02\/02\/una-pelea-en-el-barrio-20-de-junio-termino-con-un-hombre-hospitalizado-y-un-detenido\/","og_site_name":"9 de Julio Digital .UNO - Red Misiones.uno","article_published_time":"2026-02-02T15:51:41+00:00","author":"admin","twitter_card":"summary_large_image","twitter_misc":{"Escrito por":"admin","Tiempo de lectura":"1 minuto"},"schema":{"@context":"https:\/\/schema.org","@graph":[{"@type":"Article","@id":"https:\/\/9dejuliodigital.uno\/index.php\/2026\/02\/02\/una-pelea-en-el-barrio-20-de-junio-termino-con-un-hombre-hospitalizado-y-un-detenido\/#article","isPartOf":{"@id":"https:\/\/9dejuliodigital.uno\/index.php\/2026\/02\/02\/una-pelea-en-el-barrio-20-de-junio-termino-con-un-hombre-hospitalizado-y-un-detenido\/"},"author":{"name":"admin","@id":"https:\/\/9dejuliodigital.uno\/#\/schema\/person\/c9428f3ffe63b65afd548191df2fa25c"},"headline":"Una pelea en el barrio 20 de Junio termin\u00f3 con un hombre hospitalizado y un detenido","datePublished":"2026-02-02T15:51:41+00:00","mainEntityOfPage":{"@id":"https:\/\/9dejuliodigital.uno\/index.php\/2026\/02\/02\/una-pelea-en-el-barrio-20-de-junio-termino-con-un-hombre-hospitalizado-y-un-detenido\/"},"wordCount":224,"image":{"@id":"https:\/\/9dejuliodigital.uno\/index.php\/2026\/02\/02\/una-pelea-en-el-barrio-20-de-junio-termino-con-un-hombre-hospitalizado-y-un-detenido\/#primaryimage"},"thumbnailUrl":"https:\/\/9dejuliodigital.uno\/wp-content\/uploads\/2026\/02\/ASTER-FOTOS-POLI-ELDO.jpg","articleSection":["Andresito","MISIONES.UNO","Policiales","Unidad Regional V"],"inLanguage":"es-AR"},{"@type":"WebPage","@id":"https:\/\/9dejuliodigital.uno\/index.php\/2026\/02\/02\/una-pelea-en-el-barrio-20-de-junio-termino-con-un-hombre-hospitalizado-y-un-detenido\/","url":"https:\/\/9dejuliodigital.uno\/index.php\/2026\/02\/02\/una-pelea-en-el-barrio-20-de-junio-termino-con-un-hombre-hospitalizado-y-un-detenido\/","name":"Una pelea en el barrio 20 de Junio termin\u00f3 con un hombre hospitalizado y un detenido - 9 de Julio Digital .UNO - Red Misiones.uno","isPartOf":{"@id":"https:\/\/9dejuliodigital.uno\/#website"},"primaryImageOfPage":{"@id":"https:\/\/9dejuliodigital.uno\/index.php\/2026\/02\/02\/una-pelea-en-el-barrio-20-de-junio-termino-con-un-hombre-hospitalizado-y-un-detenido\/#primaryimage"},"image":{"@id":"https:\/\/9dejuliodigital.uno\/index.php\/2026\/02\/02\/una-pelea-en-el-barrio-20-de-junio-termino-con-un-hombre-hospitalizado-y-un-detenido\/#primaryimage"},"thumbnailUrl":"https:\/\/9dejuliodigital.uno\/wp-content\/uploads\/2026\/02\/ASTER-FOTOS-POLI-ELDO.jpg","datePublished":"2026-02-02T15:51:41+00:00","author":{"@id":"https:\/\/9dejuliodigital.uno\/#\/schema\/person\/c9428f3ffe63b65afd548191df2fa25c"},"breadcrumb":{"@id":"https:\/\/9dejuliodigital.uno\/index.php\/2026\/02\/02\/una-pelea-en-el-barrio-20-de-junio-termino-con-un-hombre-hospitalizado-y-un-detenido\/#breadcrumb"},"inLanguage":"es-AR","potentialAction":[{"@type":"ReadAction","target":["https:\/\/9dejuliodigital.uno\/index.php\/2026\/02\/02\/una-pelea-en-el-barrio-20-de-junio-termino-con-un-hombre-hospitalizado-y-un-detenido\/"]}]},{"@type":"ImageObject","inLanguage":"es-AR","@id":"https:\/\/9dejuliodigital.uno\/index.php\/2026\/02\/02\/una-pelea-en-el-barrio-20-de-junio-termino-con-un-hombre-hospitalizado-y-un-detenido\/#primaryimage","url":"https:\/\/9dejuliodigital.uno\/wp-content\/uploads\/2026\/02\/ASTER-FOTOS-POLI-ELDO.jpg","contentUrl":"https:\/\/9dejuliodigital.uno\/wp-content\/uploads\/2026\/02\/ASTER-FOTOS-POLI-ELDO.jpg","width":640,"height":853},{"@type":"BreadcrumbList","@id":"https:\/\/9dejuliodigital.uno\/index.php\/2026\/02\/02\/una-pelea-en-el-barrio-20-de-junio-termino-con-un-hombre-hospitalizado-y-un-detenido\/#breadcrumb","itemListElement":[{"@type":"ListItem","position":1,"name":"Inicio","item":"https:\/\/9dejuliodigital.uno\/"},{"@type":"ListItem","position":2,"name":"Una pelea en el barrio 20 de Junio termin\u00f3 con un hombre hospitalizado y un detenido"}]},{"@type":"WebSite","@id":"https:\/\/9dejuliodigital.uno\/#website","url":"https:\/\/9dejuliodigital.uno\/","name":"9 de Julio Digital .UNO - Red Misiones.uno","description":"Noticias de 9 de Julio","potentialAction":[{"@type":"SearchAction","target":{"@type":"EntryPoint","urlTemplate":"https:\/\/9dejuliodigital.uno\/?s={search_term_string}"},"query-input":{"@type":"PropertyValueSpecification","valueRequired":true,"valueName":"search_term_string"}}],"inLanguage":"es-AR"},{"@type":"Person","@id":"https:\/\/9dejuliodigital.uno\/#\/schema\/person\/c9428f3ffe63b65afd548191df2fa25c","name":"admin","image":{"@type":"ImageObject","inLanguage":"es-AR","@id":"https:\/\/9dejuliodigital.uno\/#\/schema\/person\/image\/","url":"https:\/\/secure.gravatar.com\/avatar\/988cc68d97727f2265e15e4e04f35d45d93f5493d81192c37b6fcdf6407dba8c?s=96&d=mm&r=g","contentUrl":"https:\/\/secure.gravatar.com\/avatar\/988cc68d97727f2265e15e4e04f35d45d93f5493d81192c37b6fcdf6407dba8c?s=96&d=mm&r=g","caption":"admin"},"sameAs":["http:\/\/9dejuliodigital.uno"],"url":"https:\/\/9dejuliodigital.uno\/index.php\/author\/admin\/"}]}},"_links":{"self":[{"href":"https:\/\/9dejuliodigital.uno\/index.php\/wp-json\/wp\/v2\/posts\/772","targetHints":{"allow":["GET"]}}],"collection":[{"href":"https:\/\/9dejuliodigital.uno\/index.php\/wp-json\/wp\/v2\/posts"}],"about":[{"href":"https:\/\/9dejuliodigital.uno\/index.php\/wp-json\/wp\/v2\/types\/post"}],"author":[{"embeddable":true,"href":"https:\/\/9dejuliodigital.uno\/index.php\/wp-json\/wp\/v2\/users\/1"}],"replies":[{"embeddable":true,"href":"https:\/\/9dejuliodigital.uno\/index.php\/wp-json\/wp\/v2\/comments?post=772"}],"version-history":[{"count":0,"href":"https:\/\/9dejuliodigital.uno\/index.php\/wp-json\/wp\/v2\/posts\/772\/revisions"}],"wp:featuredmedia":[{"embeddable":true,"href":"https:\/\/9dejuliodigital.uno\/index.php\/wp-json\/wp\/v2\/media\/773"}],"wp:attachment":[{"href":"https:\/\/9dejuliodigital.uno\/index.php\/wp-json\/wp\/v2\/media?parent=772"}],"wp:term":[{"taxonomy":"category","embeddable":true,"href":"https:\/\/9dejuliodigital.uno\/index.php\/wp-json\/wp\/v2\/categories?post=772"},{"taxonomy":"post_tag","embeddable":true,"href":"https:\/\/9dejuliodigital.uno\/index.php\/wp-json\/wp\/v2\/tags?post=772"}],"curies":[{"name":"wp","href":"https:\/\/api.w.org\/{rel}","templated":true}]}}